{"id":204,"date":"2026-03-15T12:36:21","date_gmt":"2026-03-15T11:36:21","guid":{"rendered":"https:\/\/kss.amuz.krakow.pl\/?p=204"},"modified":"2026-03-15T12:37:06","modified_gmt":"2026-03-15T11:37:06","slug":"rozmowa-o-krakowskiej-szkole-skrzypcowej-w-radio-krakow-kultura","status":"publish","type":"post","link":"https:\/\/kss.amuz.krakow.pl\/?p=204","title":{"rendered":"Rozmowa o Krakowskiej Szkole Skrzypcowej w Radio Krak\u00f3w Kultura!"},"content":{"rendered":"\n<p>Zapraszamy do wys\u0142uchania rozmowy wyemitowanej na antenie\u00a0<strong>Radio Krak\u00f3w Kultura<\/strong>, kt\u00f3ra opowiada o tradycji skrzypcowej Krakowa i kulisach projektu badawczego po\u015bwi\u0119conego\u00a0<strong>Krakowskiej Szkole Skrzypcowej<\/strong>,<\/p>\n\n\n\n<p><strong>Prof.dr hab. Oriana Masternak<\/strong> w rozmowie z red.\u00a0<strong>Wiolett\u0105 Gawlik<\/strong>\u00a0opowiada o ci\u0105g\u0142o\u015bci krakowskiej tradycji skrzypcowej \u2013 od momentu powstania konserwatorium w 1888 roku, przez kolejne pokolenia wybitnych pedagog\u00f3w i ich uczni\u00f3w, a\u017c po wsp\u00f3\u0142czesno\u015b\u0107 i pytanie o to, czym dzi\u015b jest charakterystyczne\u00a0<strong>\u201ekrakowskie brzmienie\u201d<\/strong>. Rozmowa traktuje o mistrzach i uczniach, o tradycji przekazywanej \u201ez r\u0119ki do r\u0119ki\u201d, a tak\u017ce o odpowiedzialno\u015bci za jej kontynuowanie w murach\u00a0<strong>Akademii Muzycznej im. Krzysztofa Pendereckiego w Krakowie<\/strong>.<\/p>\n\n\n\n<p><em>Zapraszamy do wys\u0142uchania audycji.<\/em><\/p>\n\n\n\n<p><a href=\"https:\/\/www.radiokrakow.pl\/aktualnosci\/krakow\/140-lat-tradycji-skrzypcowej-krakowa\/?fbclid=IwdGRjcAQjd35leHRuA2FlbQIxMQBzcnRjBmFwcF9pZA8xNzM4NDc2NDI2NzAzNzAAAR4HglEXHUDGS_gMhKlGSLPQdwuhZRyS_d1ArONlqtiRodbmx5CseFNWmICahg_aem_EkpoKbLcUVUXgBeLbssBnQ\">https:\/\/www.radiokrakow.pl\/aktualnosci\/krakow\/140-lat-tradycji-skrzypcowej-krakowa\/?fbclid=IwdGRjcAQjd35leHRuA2FlbQIxMQBzcnRjBmFwcF9pZA8xNzM4NDc2NDI2NzAzNzAAAR4HglEXHUDGS_gMhKlGSLPQdwuhZRyS_d1ArONlqtiRodbmx5CseFNWmICahg_aem_EkpoKbLcUVUXgBeLbssBnQ<\/a><\/p>\n\n\n\n<figure class=\"wp-block-image size-large\"><img loading=\"lazy\" decoding=\"async\" width=\"572\" height=\"1024\" src=\"https:\/\/kss.amuz.krakow.pl\/wp-content\/uploads\/2026\/03\/IMG_3150-572x1024.jpeg\" alt=\"\" class=\"wp-image-205\" srcset=\"https:\/\/kss.amuz.krakow.pl\/wp-content\/uploads\/2026\/03\/IMG_3150-572x1024.jpeg 572w, https:\/\/kss.amuz.krakow.pl\/wp-content\/uploads\/2026\/03\/IMG_3150-168x300.jpeg 168w, https:\/\/kss.amuz.krakow.pl\/wp-content\/uploads\/2026\/03\/IMG_3150-768x1375.jpeg 768w, https:\/\/kss.amuz.krakow.pl\/wp-content\/uploads\/2026\/03\/IMG_3150-858x1536.jpeg 858w, https:\/\/kss.amuz.krakow.pl\/wp-content\/uploads\/2026\/03\/IMG_3150-1144x2048.jpeg 1144w, https:\/\/kss.amuz.krakow.pl\/wp-content\/uploads\/2026\/03\/IMG_3150-scaled.jpeg 1430w\" sizes=\"auto, (max-width: 572px) 100vw, 572px\" \/><figcaption class=\"wp-element-caption\">Screenshot<\/figcaption><\/figure>\n","protected":false},"excerpt":{"rendered":"<p>Rozmowa o Krakowskiej Szkole Skrzypcowej w Radio Krak\u00f3w Kultura!<\/p>\n","protected":false},"author":3,"featured_media":75,"comment_status":"closed","ping_status":"","sticky":false,"template":"","format":"standard","meta":{"footnotes":""},"categories":[1],"tags":[],"class_list":["post-204","post","type-post","status-publish","format-standard","has-post-thumbnail","hentry","category-bez-kategorii"],"_links":{"self":[{"href":"https:\/\/kss.amuz.krakow.pl\/index.php?rest_route=\/wp\/v2\/posts\/204","targetHints":{"allow":["GET"]}}],"collection":[{"href":"https:\/\/kss.amuz.krakow.pl\/index.php?rest_route=\/wp\/v2\/posts"}],"about":[{"href":"https:\/\/kss.amuz.krakow.pl\/index.php?rest_route=\/wp\/v2\/types\/post"}],"author":[{"embeddable":true,"href":"https:\/\/kss.amuz.krakow.pl\/index.php?rest_route=\/wp\/v2\/users\/3"}],"replies":[{"embeddable":true,"href":"https:\/\/kss.amuz.krakow.pl\/index.php?rest_route=%2Fwp%2Fv2%2Fcomments&post=204"}],"version-history":[{"count":2,"href":"https:\/\/kss.amuz.krakow.pl\/index.php?rest_route=\/wp\/v2\/posts\/204\/revisions"}],"predecessor-version":[{"id":207,"href":"https:\/\/kss.amuz.krakow.pl\/index.php?rest_route=\/wp\/v2\/posts\/204\/revisions\/207"}],"wp:featuredmedia":[{"embeddable":true,"href":"https:\/\/kss.amuz.krakow.pl\/index.php?rest_route=\/wp\/v2\/media\/75"}],"wp:attachment":[{"href":"https:\/\/kss.amuz.krakow.pl\/index.php?rest_route=%2Fwp%2Fv2%2Fmedia&parent=204"}],"wp:term":[{"taxonomy":"category","embeddable":true,"href":"https:\/\/kss.amuz.krakow.pl\/index.php?rest_route=%2Fwp%2Fv2%2Fcategories&post=204"},{"taxonomy":"post_tag","embeddable":true,"href":"https:\/\/kss.amuz.krakow.pl\/index.php?rest_route=%2Fwp%2Fv2%2Ftags&post=204"}],"curies":[{"name":"wp","href":"https:\/\/api.w.org\/{rel}","templated":true}]}}