{"id":152,"date":"2026-03-03T14:17:51","date_gmt":"2026-03-03T13:17:51","guid":{"rendered":"https:\/\/kss.amuz.krakow.pl\/?p=152"},"modified":"2026-03-15T12:27:13","modified_gmt":"2026-03-15T11:27:13","slug":"album-krakowska-szkola-skrzypcowa-vol-1-od-1-03-2026-dostepny-w-serwisach-streamingowych","status":"publish","type":"post","link":"https:\/\/kss.amuz.krakow.pl\/?p=152","title":{"rendered":"Album \u201eKrakowska Szko\u0142a Skrzypcowa Vol. 1\u201d od 1.03.2026 dost\u0119pny w serwisach streamingowych!"},"content":{"rendered":"\n<figure class=\"wp-block-image size-large\"><img loading=\"lazy\" decoding=\"async\" width=\"1024\" height=\"538\" src=\"https:\/\/kss.amuz.krakow.pl\/wp-content\/uploads\/2026\/03\/IMG_3049-1024x538.jpeg\" alt=\"\" class=\"wp-image-153\" srcset=\"https:\/\/kss.amuz.krakow.pl\/wp-content\/uploads\/2026\/03\/IMG_3049-1024x538.jpeg 1024w, https:\/\/kss.amuz.krakow.pl\/wp-content\/uploads\/2026\/03\/IMG_3049-300x158.jpeg 300w, https:\/\/kss.amuz.krakow.pl\/wp-content\/uploads\/2026\/03\/IMG_3049-768x403.jpeg 768w, https:\/\/kss.amuz.krakow.pl\/wp-content\/uploads\/2026\/03\/IMG_3049.jpeg 1200w\" sizes=\"auto, (max-width: 1024px) 100vw, 1024px\" \/><\/figure>\n\n\n\n<p><br><\/p>\n\n\n\n<p><strong>Premiera albumu \u201eKrakowska Szko\u0142a Skrzypcowa Vol. 1\u201d!<\/strong><\/p>\n\n\n\n<p><\/p>\n\n\n\n<p>Krakowska Szko\u0142a Skrzypcowa to byt formalnie nienazwany, ale istniej\u0105cy od 140 lat. Pierwszy album cyklu \u2013 dokumentuj\u0105cego dorobek i ewolucj\u0119 jednego z najwa\u017cniejszych o\u015brodk\u00f3w muzycznych w Polsce \u2013 zawiera nagrania jej najstarszych, aktywnych koncertowo i pedagogicznie przedstawicieli.<\/p>\n\n\n\n<p>Na p\u0142ycie wyst\u0105pili przedstawiciele wsp\u00f3\u0142czesnej krakowskiej wiolinistyki, reprezentuj\u0105cy r\u00f3\u017cne podej\u015bcia interpretacyjne oraz linie dydaktyczne. Jednocze\u015bnie s\u0105 oni kontynuatorami tradycji wielkich pedagog\u00f3w i artyst\u00f3w, m.in. Eugenii Umi\u0144skiej, kt\u00f3ra mia\u0142a jeszcze szans\u0119 wsp\u00f3\u0142pracowa\u0107 z Karolem Szymanowskim. Roman Reiner, Mieczys\u0142aw Szlezer i Magdalena Szczepanowska to arty\u015bci, kt\u00f3rych wp\u0142yw na m\u0142ode pokolenia skrzypk\u00f3w jest ceniony i zauwa\u017calny, stanowi gwarancj\u0119 ci\u0105g\u0142o\u015bci tradycji.<\/p>\n\n\n\n<p>Sk\u0142adaj\u0105ce si\u0119 na p\u0142yt\u0119 nagrania pokazuj\u0105 obraz tradycji, kt\u00f3ra nie jest bytem jednorodnym ani zamkni\u0119tym. \u0141\u0105czy je \u015bwiadomo\u015b\u0107 dziedzictwa, szacunek dla dzie\u0142a, d\u0105\u017cenie do klarowno\u015bci przekazu obecne tak\u017ce we wnikliwej analizie partytury fortepianowej oraz troska o warsztat. Gr\u0119 starszego pokolenia krakowskich mistrz\u00f3w z pewno\u015bci\u0105 wyr\u00f3\u017cnia operowanie czasem w spos\u00f3b, kt\u00f3ry pozwala delektowa\u0107 si\u0119 barw\u0105 doskonale brzmi\u0105cych instrument\u00f3w oraz rezygnacja z pogoni za wirtuozowskimi efektami na rzecz poszukiwania pi\u0119knej barwy i harmonii wsp\u00f3\u0142brzmie\u0144. Trzeba tu wspomnie\u0107 nazwiska doskona\u0142ych pianist\u00f3w, S\u0142awomira Cierpika i Moniki Wili\u0144skiej-Tarcholik, kt\u00f3rych wsp\u00f3\u0142tworzone ze skrzypkami kreacje s\u0105 istotnym walorem p\u0142yty.<\/p>\n\n\n\n<p>Ci\u0105g\u0142o\u015b\u0107 poprzez zmian\u0119 \u2013 wed\u0142ug Oriany Masternak, skrzypaczki, pomys\u0142odawczyni projektu, na tym polega najg\u0142\u0119bszy sens ka\u017cdej tradycji. Najwa\u017cniejsze, aby muzyka \u017cy\u0142a, inspirowa\u0142a kolejne pokolenia do w\u0142asnych poszukiwa\u0144 \u2013 z pami\u0119ci\u0105 o tym, gdzie s\u0105 pocz\u0105tki.<\/p>\n\n\n\n<p>Projekt finansowany jest ze \u015brodk\u00f3w Narodowe Centrum Nauki w ramach programu SONATA BIS 13 (nr 2023\/50\/E\/HS2\/00580).<\/p>\n\n\n\n<p><a href=\"https:\/\/lnk.fuga.com\/romanreinersawomircierpikmieczysawszlezermagdalenaszczepanowskamonikawiliskatarcholik_krakowviolinschoolvol1?fbclid=IwdGRjcAQTvjdleHRuA2FlbQIxMQBzcnRjBmFwcF9pZA8xNzM4NDc2NDI2NzAzNzAAAR5wZvSlDGTBzGIJftV1SUIDvsBs3vX1_UTT5bkJpt6Nz_a4tUWYacvFzWO4gQ_aem_rIck4GvF-IPO3YyPwY_BNg\">https:\/\/lnk.fuga.com\/romanreinersawomircierpikmieczysawszlezermagdalenaszczepanowskamonikawiliskatarcholik_krakowviolinschoolvol1?fbclid=IwdGRjcAQTvjdleHRuA2FlbQIxMQBzcnRjBmFwcF9pZA8xNzM4NDc2NDI2NzAzNzAAAR5wZvSlDGTBzGIJftV1SUIDvsBs3vX1_UTT5bkJpt6Nz_a4tUWYacvFzWO4gQ_aem_rIck4GvF-IPO3YyPwY_BNg<\/a><\/p>\n\n\n\n<p><\/p>\n","protected":false},"excerpt":{"rendered":"<p>Album \u201eKrakowska Szko\u0142a Skrzypcowa Vol. 1\u201d od 1.03.2026 dost\u0119pny w serwisach streamingowych!<\/p>\n","protected":false},"author":3,"featured_media":156,"comment_status":"closed","ping_status":"","sticky":false,"template":"","format":"standard","meta":{"footnotes":""},"categories":[1],"tags":[],"class_list":["post-152","post","type-post","status-publish","format-standard","has-post-thumbnail","hentry","category-bez-kategorii"],"_links":{"self":[{"href":"https:\/\/kss.amuz.krakow.pl\/index.php?rest_route=\/wp\/v2\/posts\/152","targetHints":{"allow":["GET"]}}],"collection":[{"href":"https:\/\/kss.amuz.krakow.pl\/index.php?rest_route=\/wp\/v2\/posts"}],"about":[{"href":"https:\/\/kss.amuz.krakow.pl\/index.php?rest_route=\/wp\/v2\/types\/post"}],"author":[{"embeddable":true,"href":"https:\/\/kss.amuz.krakow.pl\/index.php?rest_route=\/wp\/v2\/users\/3"}],"replies":[{"embeddable":true,"href":"https:\/\/kss.amuz.krakow.pl\/index.php?rest_route=%2Fwp%2Fv2%2Fcomments&post=152"}],"version-history":[{"count":7,"href":"https:\/\/kss.amuz.krakow.pl\/index.php?rest_route=\/wp\/v2\/posts\/152\/revisions"}],"predecessor-version":[{"id":201,"href":"https:\/\/kss.amuz.krakow.pl\/index.php?rest_route=\/wp\/v2\/posts\/152\/revisions\/201"}],"wp:featuredmedia":[{"embeddable":true,"href":"https:\/\/kss.amuz.krakow.pl\/index.php?rest_route=\/wp\/v2\/media\/156"}],"wp:attachment":[{"href":"https:\/\/kss.amuz.krakow.pl\/index.php?rest_route=%2Fwp%2Fv2%2Fmedia&parent=152"}],"wp:term":[{"taxonomy":"category","embeddable":true,"href":"https:\/\/kss.amuz.krakow.pl\/index.php?rest_route=%2Fwp%2Fv2%2Fcategories&post=152"},{"taxonomy":"post_tag","embeddable":true,"href":"https:\/\/kss.amuz.krakow.pl\/index.php?rest_route=%2Fwp%2Fv2%2Ftags&post=152"}],"curies":[{"name":"wp","href":"https:\/\/api.w.org\/{rel}","templated":true}]}}